{"id":562,"date":"2016-09-09T08:15:11","date_gmt":"2016-09-09T06:15:11","guid":{"rendered":"http:\/\/www.mariatasinato.it\/?p=562"},"modified":"2016-09-09T08:15:11","modified_gmt":"2016-09-09T06:15:11","slug":"news-settembre-2016","status":"publish","type":"post","link":"http:\/\/www.mariatasinato.it\/?p=562","title":{"rendered":"NEWS settembre 2016"},"content":{"rendered":"<p>In quel singolare luogo di sperimentazione culturale che \u00e8 l\u2019aia della Casa Nova, il 19 agosto si doveva tenere una conferenza sull\u2019origine della luce. L\u2019aveva organizzata mio cugino Claudio Balducelli (fisico nucleare, ex-ricercatore dell\u2019ENEA) ma, siccome il tempo incerto sconsigliava riunioni all\u2019aperto, ci si spost\u00f2 all\u2019interno della Pro Loco di Casa Boni.<\/p>\n<p>Come gi\u00e0 era successo per la mia comunicazione dell\u2019anno prima sulla <span style=\"color: #0000ff;\"><a style=\"color: #0000ff;\" href=\"https:\/\/youtu.be\/3MzDG9wrpQQ\"><strong>nascita dell\u2019<em>Odissea<\/em><\/strong><\/a><\/span>, parlare di argomenti cos\u00ec complessi ad un pubblico di tutte le et\u00e0 e per la stragrande maggioranza completamente a digiuno sui temi da trattare, si presentava come un\u2019impresa titanica, ma Claudio, animato da una verve didattica rara, ci \u00e8 riuscito e pure brillantemente.<\/p>\n<p>L\u2019idea vincente di Claudio \u00e8 stata quella di rendere pi\u00f9 vivace l\u2019esposizione drammatizzandone alcune parti, facendo partecipare due giovanissimi (Giovanni Amari e Nicolas Meini) in qualit\u00e0 di attori.<\/p>\n<p>La sottoscritta ha collaborato alla sceneggiatura e alla rappresentazione, anche impersonando Democrito redivivo, riemerso dall\u2019oltretomba dantesco (<em>Inferno<\/em>, IV, 136).<\/p>\n<p>Per meglio adattarsi al <em>genius loci<\/em> tosco-emiliano, si \u00e8 alluso ad inquietanti localit\u00e0 della valle del Randaragna. In conclusione, ne \u00e8 venuto fuori un atomista antico con venature appenniniche, ossia molto polemico: un Democrito che rivendica con vigore la sua originalit\u00e0 &#8211; chiedo venia a Leucippo, di cui non ho potuto rendere conto &#8211; \u00a0in faccia alle ultimissime teorie e conquiste della fisica.<\/p>\n<p>Ebbene, il pubblico non solo era molto interessato ma anche divertito.<\/p>\n<p>E ora siete curiosi di saperne di pi\u00f9 sulla luce senza minimamente annoiarvi, addirittura sorridendo? Beh, se cliccate<span style=\"color: #0000ff;\"> <a style=\"color: #0000ff;\" href=\"https:\/\/youtu.be\/OF3AWO6p4Sc\"><strong>qui<\/strong> <\/a><\/span>potrete vedere il video, come gi\u00e0 altre volte, sapientemente girato da William Strali.<\/p>\n<p>Un\u2019ultima cosa importantissima: mi ha appena telefonato Claudio per avvertirmi che nel filmato c\u2019\u00e8 un errore colossale, dovuto alla concitazione del momento (non me n\u2019ero accorta perch\u00e9 nelle prove Claudio s\u2019era sempre espresso correttamente): ebbene il segnale cosmico di fondo, di cui vedrete la sensazionale scoperta, testimonia che la luce \u00e8 nata 14 miliardi di anni fa e non 14 milioni\u2026 non so se rendo l\u2019idea! Insomma, senza questa rettifica, rischiavamo di mettere in scena un segnale\u2026comico di fondo.<\/p>\n<p>Vi segnalo anche il sito di Claudio Balducelli <strong><span style=\"color: #0000ff;\"><a style=\"color: #0000ff;\" href=\"http:\/\/www.fotopassione.eu\">www.fotopassione.eu<\/a><\/span><\/strong><\/p>\n<p>&nbsp;<\/p>\n","protected":false},"excerpt":{"rendered":"<p>In quel singolare luogo di sperimentazione culturale che \u00e8 l\u2019aia della Casa Nova, il 19 agosto si doveva tenere una conferenza sull\u2019origine della luce. L\u2019aveva organizzata mio cugino Claudio Balducelli (fisico nucleare, ex-ricercatore dell\u2019ENEA) ma, siccome il tempo incerto sconsigliava &hellip; <a href=\"http:\/\/www.mariatasinato.it\/?p=562\">Continua a leggere <span class=\"meta-nav\">&rarr;<\/span><\/a><\/p>\n","protected":false},"author":1,"featured_media":0,"comment_status":"open","ping_status":"open","sticky":false,"template":"","format":"standard","meta":{"ngg_post_thumbnail":0,"footnotes":""},"categories":[4],"tags":[],"_links":{"self":[{"href":"http:\/\/www.mariatasinato.it\/index.php?rest_route=\/wp\/v2\/posts\/562"}],"collection":[{"href":"http:\/\/www.mariatasinato.it\/index.php?rest_route=\/wp\/v2\/posts"}],"about":[{"href":"http:\/\/www.mariatasinato.it\/index.php?rest_route=\/wp\/v2\/types\/post"}],"author":[{"embeddable":true,"href":"http:\/\/www.mariatasinato.it\/index.php?rest_route=\/wp\/v2\/users\/1"}],"replies":[{"embeddable":true,"href":"http:\/\/www.mariatasinato.it\/index.php?rest_route=%2Fwp%2Fv2%2Fcomments&post=562"}],"version-history":[{"count":3,"href":"http:\/\/www.mariatasinato.it\/index.php?rest_route=\/wp\/v2\/posts\/562\/revisions"}],"predecessor-version":[{"id":565,"href":"http:\/\/www.mariatasinato.it\/index.php?rest_route=\/wp\/v2\/posts\/562\/revisions\/565"}],"wp:attachment":[{"href":"http:\/\/www.mariatasinato.it\/index.php?rest_route=%2Fwp%2Fv2%2Fmedia&parent=562"}],"wp:term":[{"taxonomy":"category","embeddable":true,"href":"http:\/\/www.mariatasinato.it\/index.php?rest_route=%2Fwp%2Fv2%2Fcategories&post=562"},{"taxonomy":"post_tag","embeddable":true,"href":"http:\/\/www.mariatasinato.it\/index.php?rest_route=%2Fwp%2Fv2%2Ftags&post=562"}],"curies":[{"name":"wp","href":"https:\/\/api.w.org\/{rel}","templated":true}]}}